{"id":69,"count":1,"description":"C\u00f3mo y d\u00f3nde reciclar c\u00e1psulas de caf\u00e9, By coffeespress","link":"https:\/\/coffeespress.es\/index.php\/tag\/reciclar-capsulas-de-cafe\/","name":"Reciclar c\u00e1psulas de caf\u00e9","slug":"reciclar-capsulas-de-cafe","taxonomy":"post_tag","meta":[],"_links":{"self":[{"href":"https:\/\/coffeespress.es\/index.php\/wp-json\/wp\/v2\/tags\/69","targetHints":{"allow":["GET"]}}],"collection":[{"href":"https:\/\/coffeespress.es\/index.php\/wp-json\/wp\/v2\/tags"}],"about":[{"href":"https:\/\/coffeespress.es\/index.php\/wp-json\/wp\/v2\/taxonomies\/post_tag"}],"wp:post_type":[{"href":"https:\/\/coffeespress.es\/index.php\/wp-json\/wp\/v2\/posts?tags=69"}],"curies":[{"name":"wp","href":"https:\/\/api.w.org\/{rel}","templated":true}]}}